{"id":6365,"date":"2025-10-21T20:16:57","date_gmt":"2025-10-21T20:16:57","guid":{"rendered":"https:\/\/rebranding-africa.com\/?p=6365"},"modified":"2025-11-05T04:08:38","modified_gmt":"2025-11-05T04:08:38","slug":"belgique-le-rebranding-africa-forum-scelle-une-alliance-strategique-avec-le-fagace-pour-soutenir-les-entrepreneurs-de-la-diaspora","status":"publish","type":"post","link":"https:\/\/rebranding-africa.com\/pt\/belgique-le-rebranding-africa-forum-scelle-une-alliance-strategique-avec-le-fagace-pour-soutenir-les-entrepreneurs-de-la-diaspora\/","title":{"rendered":"Belgique : le Rebranding Africa Forum scelle une alliance strat\u00e9gique avec le FAGACE pour soutenir les entrepreneurs de la diaspora"},"content":{"rendered":"","protected":false},"excerpt":{"rendered":"<p>Un programme qui va \u00eatre mis en \u0153uvre dans le cadre de ce partenariat offrira un accompagnement technique, financier et strat\u00e9gique dans des secteurs cl\u00e9s tels que l\u2019intelligence artificielle, l\u2019agrobusiness et les industries cr\u00e9atives.<\/p>","protected":false},"author":3,"featured_media":6366,"comment_status":"open","ping_status":"open","sticky":false,"template":"","format":"standard","meta":{"_acf_changed":false,"footnotes":""},"categories":[34],"tags":[46],"class_list":["post-6365","post","type-post","status-publish","format-standard","has-post-thumbnail","hentry","category-34","tag-ecomatin"],"acf":[],"yoast_head":"<!-- This site is optimized with the Yoast SEO plugin v27.5 - https:\/\/yoast.com\/product\/yoast-seo-wordpress\/ -->\n<title>Belgique : le Rebranding Africa Forum scelle une alliance strat\u00e9gique avec le FAGACE pour soutenir les entrepreneurs de la diaspora - REBRANDING AFRICA FORUM<\/title>\n<meta name=\"robots\" content=\"index, follow, max-snippet:-1, max-image-preview:large, max-video-preview:-1\" \/>\n<link rel=\"canonical\" href=\"https:\/\/rebranding-africa.com\/pt\/belgique-le-rebranding-africa-forum-scelle-une-alliance-strategique-avec-le-fagace-pour-soutenir-les-entrepreneurs-de-la-diaspora\/\" \/>\n<meta property=\"og:locale\" content=\"pt_PT\" \/>\n<meta property=\"og:type\" content=\"article\" \/>\n<meta property=\"og:title\" content=\"Belgique : le Rebranding Africa Forum scelle une alliance strat\u00e9gique avec le FAGACE pour soutenir les entrepreneurs de la diaspora - REBRANDING AFRICA FORUM\" \/>\n<meta property=\"og:description\" content=\"Un programme qui va \u00eatre mis en \u0153uvre dans le cadre de ce partenariat offrira un accompagnement technique, financier et strat\u00e9gique dans des secteurs cl\u00e9s tels que l\u2019intelligence artificielle, l\u2019agrobusiness et les industries cr\u00e9atives.\" \/>\n<meta property=\"og:url\" content=\"https:\/\/rebranding-africa.com\/pt\/belgique-le-rebranding-africa-forum-scelle-une-alliance-strategique-avec-le-fagace-pour-soutenir-les-entrepreneurs-de-la-diaspora\/\" \/>\n<meta property=\"og:site_name\" content=\"REBRANDING AFRICA FORUM\" \/>\n<meta property=\"article:published_time\" content=\"2025-10-21T20:16:57+00:00\" \/>\n<meta property=\"article:modified_time\" content=\"2025-11-05T04:08:38+00:00\" \/>\n<meta property=\"og:image\" content=\"https:\/\/rebranding-africa.com\/wp-content\/uploads\/2025\/10\/article1.webp\" \/>\n\t<meta property=\"og:image:width\" content=\"1080\" \/>\n\t<meta property=\"og:image:height\" content=\"719\" \/>\n\t<meta property=\"og:image:type\" content=\"image\/webp\" \/>\n<meta name=\"author\" content=\"Rebranding\" \/>\n<meta name=\"twitter:card\" content=\"summary_large_image\" \/>\n<meta name=\"twitter:label1\" content=\"Escrito por\" \/>\n\t<meta name=\"twitter:data1\" content=\"Rebranding\" \/>\n\t<meta name=\"twitter:label2\" content=\"Tempo estimado de leitura\" \/>\n\t<meta name=\"twitter:data2\" content=\"1 minuto\" \/>\n<script type=\"application\/ld+json\" class=\"yoast-schema-graph\">{\"@context\":\"https:\\\/\\\/schema.org\",\"@graph\":[{\"@type\":\"Article\",\"@id\":\"https:\\\/\\\/rebranding-africa.com\\\/belgique-le-rebranding-africa-forum-scelle-une-alliance-strategique-avec-le-fagace-pour-soutenir-les-entrepreneurs-de-la-diaspora\\\/#article\",\"isPartOf\":{\"@id\":\"https:\\\/\\\/rebranding-africa.com\\\/belgique-le-rebranding-africa-forum-scelle-une-alliance-strategique-avec-le-fagace-pour-soutenir-les-entrepreneurs-de-la-diaspora\\\/\"},\"author\":{\"name\":\"Rebranding\",\"@id\":\"https:\\\/\\\/rebranding-africa.com\\\/#\\\/schema\\\/person\\\/bfce2f4061efb495ddd962851e467a35\"},\"headline\":\"Belgique : le Rebranding Africa Forum scelle une alliance strat\u00e9gique avec le FAGACE pour soutenir les entrepreneurs de la diaspora\",\"datePublished\":\"2025-10-21T20:16:57+00:00\",\"dateModified\":\"2025-11-05T04:08:38+00:00\",\"mainEntityOfPage\":{\"@id\":\"https:\\\/\\\/rebranding-africa.com\\\/belgique-le-rebranding-africa-forum-scelle-une-alliance-strategique-avec-le-fagace-pour-soutenir-les-entrepreneurs-de-la-diaspora\\\/\"},\"wordCount\":20,\"commentCount\":0,\"publisher\":{\"@id\":\"https:\\\/\\\/rebranding-africa.com\\\/#organization\"},\"image\":{\"@id\":\"https:\\\/\\\/rebranding-africa.com\\\/belgique-le-rebranding-africa-forum-scelle-une-alliance-strategique-avec-le-fagace-pour-soutenir-les-entrepreneurs-de-la-diaspora\\\/#primaryimage\"},\"thumbnailUrl\":\"https:\\\/\\\/rebranding-africa.com\\\/wp-content\\\/uploads\\\/2025\\\/10\\\/article1.webp\",\"keywords\":[\"Ecomatin\"],\"articleSection\":[\"2025\"],\"inLanguage\":\"pt-PT\",\"potentialAction\":[{\"@type\":\"CommentAction\",\"name\":\"Comment\",\"target\":[\"https:\\\/\\\/rebranding-africa.com\\\/belgique-le-rebranding-africa-forum-scelle-une-alliance-strategique-avec-le-fagace-pour-soutenir-les-entrepreneurs-de-la-diaspora\\\/#respond\"]}]},{\"@type\":\"WebPage\",\"@id\":\"https:\\\/\\\/rebranding-africa.com\\\/belgique-le-rebranding-africa-forum-scelle-une-alliance-strategique-avec-le-fagace-pour-soutenir-les-entrepreneurs-de-la-diaspora\\\/\",\"url\":\"https:\\\/\\\/rebranding-africa.com\\\/belgique-le-rebranding-africa-forum-scelle-une-alliance-strategique-avec-le-fagace-pour-soutenir-les-entrepreneurs-de-la-diaspora\\\/\",\"name\":\"Belgique : le Rebranding Africa Forum scelle une alliance strat\u00e9gique avec le FAGACE pour soutenir les entrepreneurs de la diaspora - REBRANDING AFRICA FORUM\",\"isPartOf\":{\"@id\":\"https:\\\/\\\/rebranding-africa.com\\\/#website\"},\"primaryImageOfPage\":{\"@id\":\"https:\\\/\\\/rebranding-africa.com\\\/belgique-le-rebranding-africa-forum-scelle-une-alliance-strategique-avec-le-fagace-pour-soutenir-les-entrepreneurs-de-la-diaspora\\\/#primaryimage\"},\"image\":{\"@id\":\"https:\\\/\\\/rebranding-africa.com\\\/belgique-le-rebranding-africa-forum-scelle-une-alliance-strategique-avec-le-fagace-pour-soutenir-les-entrepreneurs-de-la-diaspora\\\/#primaryimage\"},\"thumbnailUrl\":\"https:\\\/\\\/rebranding-africa.com\\\/wp-content\\\/uploads\\\/2025\\\/10\\\/article1.webp\",\"datePublished\":\"2025-10-21T20:16:57+00:00\",\"dateModified\":\"2025-11-05T04:08:38+00:00\",\"breadcrumb\":{\"@id\":\"https:\\\/\\\/rebranding-africa.com\\\/belgique-le-rebranding-africa-forum-scelle-une-alliance-strategique-avec-le-fagace-pour-soutenir-les-entrepreneurs-de-la-diaspora\\\/#breadcrumb\"},\"inLanguage\":\"pt-PT\",\"potentialAction\":[{\"@type\":\"ReadAction\",\"target\":[\"https:\\\/\\\/rebranding-africa.com\\\/belgique-le-rebranding-africa-forum-scelle-une-alliance-strategique-avec-le-fagace-pour-soutenir-les-entrepreneurs-de-la-diaspora\\\/\"]}]},{\"@type\":\"ImageObject\",\"inLanguage\":\"pt-PT\",\"@id\":\"https:\\\/\\\/rebranding-africa.com\\\/belgique-le-rebranding-africa-forum-scelle-une-alliance-strategique-avec-le-fagace-pour-soutenir-les-entrepreneurs-de-la-diaspora\\\/#primaryimage\",\"url\":\"https:\\\/\\\/rebranding-africa.com\\\/wp-content\\\/uploads\\\/2025\\\/10\\\/article1.webp\",\"contentUrl\":\"https:\\\/\\\/rebranding-africa.com\\\/wp-content\\\/uploads\\\/2025\\\/10\\\/article1.webp\",\"width\":1080,\"height\":719},{\"@type\":\"BreadcrumbList\",\"@id\":\"https:\\\/\\\/rebranding-africa.com\\\/belgique-le-rebranding-africa-forum-scelle-une-alliance-strategique-avec-le-fagace-pour-soutenir-les-entrepreneurs-de-la-diaspora\\\/#breadcrumb\",\"itemListElement\":[{\"@type\":\"ListItem\",\"position\":1,\"name\":\"Accueil\",\"item\":\"https:\\\/\\\/rebranding-africa.com\\\/\"},{\"@type\":\"ListItem\",\"position\":2,\"name\":\"Belgique : le Rebranding Africa Forum scelle une alliance strat\u00e9gique avec le FAGACE pour soutenir les entrepreneurs de la diaspora\"}]},{\"@type\":\"WebSite\",\"@id\":\"https:\\\/\\\/rebranding-africa.com\\\/#website\",\"url\":\"https:\\\/\\\/rebranding-africa.com\\\/\",\"name\":\"REBRANDING AFRICA FORUM\",\"description\":\"\",\"publisher\":{\"@id\":\"https:\\\/\\\/rebranding-africa.com\\\/#organization\"},\"potentialAction\":[{\"@type\":\"SearchAction\",\"target\":{\"@type\":\"EntryPoint\",\"urlTemplate\":\"https:\\\/\\\/rebranding-africa.com\\\/?s={search_term_string}\"},\"query-input\":{\"@type\":\"PropertyValueSpecification\",\"valueRequired\":true,\"valueName\":\"search_term_string\"}}],\"inLanguage\":\"pt-PT\"},{\"@type\":\"Organization\",\"@id\":\"https:\\\/\\\/rebranding-africa.com\\\/#organization\",\"name\":\"REBRANDING AFRICA FORUM\",\"url\":\"https:\\\/\\\/rebranding-africa.com\\\/\",\"logo\":{\"@type\":\"ImageObject\",\"inLanguage\":\"pt-PT\",\"@id\":\"https:\\\/\\\/rebranding-africa.com\\\/#\\\/schema\\\/logo\\\/image\\\/\",\"url\":\"https:\\\/\\\/rebranding-africa.com\\\/wp-content\\\/uploads\\\/2025\\\/07\\\/Logo.webp\",\"contentUrl\":\"https:\\\/\\\/rebranding-africa.com\\\/wp-content\\\/uploads\\\/2025\\\/07\\\/Logo.webp\",\"width\":340,\"height\":149,\"caption\":\"REBRANDING AFRICA FORUM\"},\"image\":{\"@id\":\"https:\\\/\\\/rebranding-africa.com\\\/#\\\/schema\\\/logo\\\/image\\\/\"}},{\"@type\":\"Person\",\"@id\":\"https:\\\/\\\/rebranding-africa.com\\\/#\\\/schema\\\/person\\\/bfce2f4061efb495ddd962851e467a35\",\"name\":\"Rebranding\",\"image\":{\"@type\":\"ImageObject\",\"inLanguage\":\"pt-PT\",\"@id\":\"https:\\\/\\\/secure.gravatar.com\\\/avatar\\\/1f34e392935eb124f79c1f96027402842145769d6fd86a6171c0572f4ce5b81b?s=96&d=mm&r=g\",\"url\":\"https:\\\/\\\/secure.gravatar.com\\\/avatar\\\/1f34e392935eb124f79c1f96027402842145769d6fd86a6171c0572f4ce5b81b?s=96&d=mm&r=g\",\"contentUrl\":\"https:\\\/\\\/secure.gravatar.com\\\/avatar\\\/1f34e392935eb124f79c1f96027402842145769d6fd86a6171c0572f4ce5b81b?s=96&d=mm&r=g\",\"caption\":\"Rebranding\"},\"url\":\"https:\\\/\\\/rebranding-africa.com\\\/pt\\\/author\\\/rebranding\\\/\"}]}<\/script>\n<!-- \/ Yoast SEO plugin. -->","yoast_head_json":{"title":"Belgique : le Rebranding Africa Forum scelle une alliance strat\u00e9gique avec le FAGACE pour soutenir les entrepreneurs de la diaspora - REBRANDING AFRICA FORUM","robots":{"index":"index","follow":"follow","max-snippet":"max-snippet:-1","max-image-preview":"max-image-preview:large","max-video-preview":"max-video-preview:-1"},"canonical":"https:\/\/rebranding-africa.com\/pt\/belgique-le-rebranding-africa-forum-scelle-une-alliance-strategique-avec-le-fagace-pour-soutenir-les-entrepreneurs-de-la-diaspora\/","og_locale":"pt_PT","og_type":"article","og_title":"Belgique : le Rebranding Africa Forum scelle une alliance strat\u00e9gique avec le FAGACE pour soutenir les entrepreneurs de la diaspora - REBRANDING AFRICA FORUM","og_description":"Un programme qui va \u00eatre mis en \u0153uvre dans le cadre de ce partenariat offrira un accompagnement technique, financier et strat\u00e9gique dans des secteurs cl\u00e9s tels que l\u2019intelligence artificielle, l\u2019agrobusiness et les industries cr\u00e9atives.","og_url":"https:\/\/rebranding-africa.com\/pt\/belgique-le-rebranding-africa-forum-scelle-une-alliance-strategique-avec-le-fagace-pour-soutenir-les-entrepreneurs-de-la-diaspora\/","og_site_name":"REBRANDING AFRICA FORUM","article_published_time":"2025-10-21T20:16:57+00:00","article_modified_time":"2025-11-05T04:08:38+00:00","og_image":[{"width":1080,"height":719,"url":"https:\/\/rebranding-africa.com\/wp-content\/uploads\/2025\/10\/article1.webp","type":"image\/webp"}],"author":"Rebranding","twitter_card":"summary_large_image","twitter_misc":{"Escrito por":"Rebranding","Tempo estimado de leitura":"1 minuto"},"schema":{"@context":"https:\/\/schema.org","@graph":[{"@type":"Article","@id":"https:\/\/rebranding-africa.com\/belgique-le-rebranding-africa-forum-scelle-une-alliance-strategique-avec-le-fagace-pour-soutenir-les-entrepreneurs-de-la-diaspora\/#article","isPartOf":{"@id":"https:\/\/rebranding-africa.com\/belgique-le-rebranding-africa-forum-scelle-une-alliance-strategique-avec-le-fagace-pour-soutenir-les-entrepreneurs-de-la-diaspora\/"},"author":{"name":"Rebranding","@id":"https:\/\/rebranding-africa.com\/#\/schema\/person\/bfce2f4061efb495ddd962851e467a35"},"headline":"Belgique : le Rebranding Africa Forum scelle une alliance strat\u00e9gique avec le FAGACE pour soutenir les entrepreneurs de la diaspora","datePublished":"2025-10-21T20:16:57+00:00","dateModified":"2025-11-05T04:08:38+00:00","mainEntityOfPage":{"@id":"https:\/\/rebranding-africa.com\/belgique-le-rebranding-africa-forum-scelle-une-alliance-strategique-avec-le-fagace-pour-soutenir-les-entrepreneurs-de-la-diaspora\/"},"wordCount":20,"commentCount":0,"publisher":{"@id":"https:\/\/rebranding-africa.com\/#organization"},"image":{"@id":"https:\/\/rebranding-africa.com\/belgique-le-rebranding-africa-forum-scelle-une-alliance-strategique-avec-le-fagace-pour-soutenir-les-entrepreneurs-de-la-diaspora\/#primaryimage"},"thumbnailUrl":"https:\/\/rebranding-africa.com\/wp-content\/uploads\/2025\/10\/article1.webp","keywords":["Ecomatin"],"articleSection":["2025"],"inLanguage":"pt-PT","potentialAction":[{"@type":"CommentAction","name":"Comment","target":["https:\/\/rebranding-africa.com\/belgique-le-rebranding-africa-forum-scelle-une-alliance-strategique-avec-le-fagace-pour-soutenir-les-entrepreneurs-de-la-diaspora\/#respond"]}]},{"@type":"WebPage","@id":"https:\/\/rebranding-africa.com\/belgique-le-rebranding-africa-forum-scelle-une-alliance-strategique-avec-le-fagace-pour-soutenir-les-entrepreneurs-de-la-diaspora\/","url":"https:\/\/rebranding-africa.com\/belgique-le-rebranding-africa-forum-scelle-une-alliance-strategique-avec-le-fagace-pour-soutenir-les-entrepreneurs-de-la-diaspora\/","name":"Belgique : le Rebranding Africa Forum scelle une alliance strat\u00e9gique avec le FAGACE pour soutenir les entrepreneurs de la diaspora - REBRANDING AFRICA FORUM","isPartOf":{"@id":"https:\/\/rebranding-africa.com\/#website"},"primaryImageOfPage":{"@id":"https:\/\/rebranding-africa.com\/belgique-le-rebranding-africa-forum-scelle-une-alliance-strategique-avec-le-fagace-pour-soutenir-les-entrepreneurs-de-la-diaspora\/#primaryimage"},"image":{"@id":"https:\/\/rebranding-africa.com\/belgique-le-rebranding-africa-forum-scelle-une-alliance-strategique-avec-le-fagace-pour-soutenir-les-entrepreneurs-de-la-diaspora\/#primaryimage"},"thumbnailUrl":"https:\/\/rebranding-africa.com\/wp-content\/uploads\/2025\/10\/article1.webp","datePublished":"2025-10-21T20:16:57+00:00","dateModified":"2025-11-05T04:08:38+00:00","breadcrumb":{"@id":"https:\/\/rebranding-africa.com\/belgique-le-rebranding-africa-forum-scelle-une-alliance-strategique-avec-le-fagace-pour-soutenir-les-entrepreneurs-de-la-diaspora\/#breadcrumb"},"inLanguage":"pt-PT","potentialAction":[{"@type":"ReadAction","target":["https:\/\/rebranding-africa.com\/belgique-le-rebranding-africa-forum-scelle-une-alliance-strategique-avec-le-fagace-pour-soutenir-les-entrepreneurs-de-la-diaspora\/"]}]},{"@type":"ImageObject","inLanguage":"pt-PT","@id":"https:\/\/rebranding-africa.com\/belgique-le-rebranding-africa-forum-scelle-une-alliance-strategique-avec-le-fagace-pour-soutenir-les-entrepreneurs-de-la-diaspora\/#primaryimage","url":"https:\/\/rebranding-africa.com\/wp-content\/uploads\/2025\/10\/article1.webp","contentUrl":"https:\/\/rebranding-africa.com\/wp-content\/uploads\/2025\/10\/article1.webp","width":1080,"height":719},{"@type":"BreadcrumbList","@id":"https:\/\/rebranding-africa.com\/belgique-le-rebranding-africa-forum-scelle-une-alliance-strategique-avec-le-fagace-pour-soutenir-les-entrepreneurs-de-la-diaspora\/#breadcrumb","itemListElement":[{"@type":"ListItem","position":1,"name":"Accueil","item":"https:\/\/rebranding-africa.com\/"},{"@type":"ListItem","position":2,"name":"Belgique : le Rebranding Africa Forum scelle une alliance strat\u00e9gique avec le FAGACE pour soutenir les entrepreneurs de la diaspora"}]},{"@type":"WebSite","@id":"https:\/\/rebranding-africa.com\/#website","url":"https:\/\/rebranding-africa.com\/","name":"REBRANDING AFRICA FORUM","description":"","publisher":{"@id":"https:\/\/rebranding-africa.com\/#organization"},"potentialAction":[{"@type":"SearchAction","target":{"@type":"EntryPoint","urlTemplate":"https:\/\/rebranding-africa.com\/?s={search_term_string}"},"query-input":{"@type":"PropertyValueSpecification","valueRequired":true,"valueName":"search_term_string"}}],"inLanguage":"pt-PT"},{"@type":"Organization","@id":"https:\/\/rebranding-africa.com\/#organization","name":"REBRANDING AFRICA FORUM","url":"https:\/\/rebranding-africa.com\/","logo":{"@type":"ImageObject","inLanguage":"pt-PT","@id":"https:\/\/rebranding-africa.com\/#\/schema\/logo\/image\/","url":"https:\/\/rebranding-africa.com\/wp-content\/uploads\/2025\/07\/Logo.webp","contentUrl":"https:\/\/rebranding-africa.com\/wp-content\/uploads\/2025\/07\/Logo.webp","width":340,"height":149,"caption":"REBRANDING AFRICA FORUM"},"image":{"@id":"https:\/\/rebranding-africa.com\/#\/schema\/logo\/image\/"}},{"@type":"Person","@id":"https:\/\/rebranding-africa.com\/#\/schema\/person\/bfce2f4061efb495ddd962851e467a35","name":"Rebranding","image":{"@type":"ImageObject","inLanguage":"pt-PT","@id":"https:\/\/secure.gravatar.com\/avatar\/1f34e392935eb124f79c1f96027402842145769d6fd86a6171c0572f4ce5b81b?s=96&d=mm&r=g","url":"https:\/\/secure.gravatar.com\/avatar\/1f34e392935eb124f79c1f96027402842145769d6fd86a6171c0572f4ce5b81b?s=96&d=mm&r=g","contentUrl":"https:\/\/secure.gravatar.com\/avatar\/1f34e392935eb124f79c1f96027402842145769d6fd86a6171c0572f4ce5b81b?s=96&d=mm&r=g","caption":"Rebranding"},"url":"https:\/\/rebranding-africa.com\/pt\/author\/rebranding\/"}]}},"_links":{"self":[{"href":"https:\/\/rebranding-africa.com\/pt\/wp-json\/wp\/v2\/posts\/6365","targetHints":{"allow":["GET"]}}],"collection":[{"href":"https:\/\/rebranding-africa.com\/pt\/wp-json\/wp\/v2\/posts"}],"about":[{"href":"https:\/\/rebranding-africa.com\/pt\/wp-json\/wp\/v2\/types\/post"}],"author":[{"embeddable":true,"href":"https:\/\/rebranding-africa.com\/pt\/wp-json\/wp\/v2\/users\/3"}],"replies":[{"embeddable":true,"href":"https:\/\/rebranding-africa.com\/pt\/wp-json\/wp\/v2\/comments?post=6365"}],"version-history":[{"count":4,"href":"https:\/\/rebranding-africa.com\/pt\/wp-json\/wp\/v2\/posts\/6365\/revisions"}],"predecessor-version":[{"id":8131,"href":"https:\/\/rebranding-africa.com\/pt\/wp-json\/wp\/v2\/posts\/6365\/revisions\/8131"}],"wp:featuredmedia":[{"embeddable":true,"href":"https:\/\/rebranding-africa.com\/pt\/wp-json\/wp\/v2\/media\/6366"}],"wp:attachment":[{"href":"https:\/\/rebranding-africa.com\/pt\/wp-json\/wp\/v2\/media?parent=6365"}],"wp:term":[{"taxonomy":"category","embeddable":true,"href":"https:\/\/rebranding-africa.com\/pt\/wp-json\/wp\/v2\/categories?post=6365"},{"taxonomy":"post_tag","embeddable":true,"href":"https:\/\/rebranding-africa.com\/pt\/wp-json\/wp\/v2\/tags?post=6365"}],"curies":[{"name":"wp","href":"https:\/\/api.w.org\/{rel}","templated":true}]}}